{"id":1532,"date":"2023-04-14T09:19:46","date_gmt":"2023-04-14T06:19:46","guid":{"rendered":"https:\/\/ambtelaviv.esteri.it\/news\/dall_ambasciata\/2023\/04\/attentato-a-tel-aviv-editoriale\/"},"modified":"2023-04-14T09:19:46","modified_gmt":"2023-04-14T06:19:46","slug":"attentato-a-tel-aviv-editoriale","status":"publish","type":"post","link":"https:\/\/ambtelaviv.esteri.it\/it\/news\/dall_ambasciata\/2023\/04\/attentato-a-tel-aviv-editoriale\/","title":{"rendered":"Attentato a Tel Aviv. Editoriale dell\u2019Ambasciatore Barbanti su Yedioth Aharonoth"},"content":{"rendered":"<p>La sera del 7 aprile, un turista italiano \u00e8 morto mentre passeggiava sul lungomare di Tel Aviv. Conosciamo i tragici fatti e immaginiamo il dolore che questo ha provocato nella famiglia e negli amici di Alessandro Parini che quella sera ha visto stroncata la sua vita. La dimensione del dolore non \u00e8 tuttavia l&#8217;unica che ha segnato questi giorni.<br \/>Sono stato testimone non solo della solidariet\u00e0 delle Istituzioni israeliane, ma della commovente generosit\u00e0 di innumerevoli cittadini israeliani, senza alcuna distinzione tra essi, che hanno espresso in diverse maniere il loro cordoglio. Molti hanno inviato doni ai feriti in ospedale. Altri hanno portato fiori e candele sul luogo dell&#8217;attacco terroristico. Altri mi hanno scritto. Si \u00e8 trattato di una tragedia condivisa non solo nella comune condanna di ogni atto terroristico, ma nei sentimenti vissuti indipendentemente dalla nazionalit\u00e0. Desidero ringraziare tutti coloro che non sono riuscito a raggiungere di persona. Desidero ricordare, in questo momento di grande dolore per l&#8217;Italia e per Israele, lo spirito di umanit\u00e0 che unisce i nostri popoli e che ha portato molti cittadini israeliani a ritenere che ci\u00f2 che \u00e8 stato fatto all&#8217;Italia \u00e8 stato fatto a Israele.<\/p>\n","protected":false},"excerpt":{"rendered":"La sera del 7 aprile, un turista italiano \u00e8 morto mentre passeggiava sul lungomare di Tel Aviv. Conosciamo i tragici fatti e immaginiamo il dolore che questo ha provocato nella famiglia e negli amici di Alessandro Parini che quella sera ha visto stroncata la sua vita. La dimensione del dolore non \u00e8 tuttavia l&#8217;unica che [&hellip;]","protected":false},"author":1,"featured_media":0,"comment_status":"","ping_status":"","sticky":false,"template":"","format":"standard","meta":{"footnotes":""},"tags":[],"class_list":["post-1532","post","type-post","status-publish","format-standard","hentry"],"_links":{"self":[{"href":"https:\/\/ambtelaviv.esteri.it\/it\/wp-json\/wp\/v2\/posts\/1532","targetHints":{"allow":["GET"]}}],"collection":[{"href":"https:\/\/ambtelaviv.esteri.it\/it\/wp-json\/wp\/v2\/posts"}],"about":[{"href":"https:\/\/ambtelaviv.esteri.it\/it\/wp-json\/wp\/v2\/types\/post"}],"author":[{"embeddable":true,"href":"https:\/\/ambtelaviv.esteri.it\/it\/wp-json\/wp\/v2\/users\/1"}],"replies":[{"embeddable":true,"href":"https:\/\/ambtelaviv.esteri.it\/it\/wp-json\/wp\/v2\/comments?post=1532"}],"version-history":[{"count":0,"href":"https:\/\/ambtelaviv.esteri.it\/it\/wp-json\/wp\/v2\/posts\/1532\/revisions"}],"wp:attachment":[{"href":"https:\/\/ambtelaviv.esteri.it\/it\/wp-json\/wp\/v2\/media?parent=1532"}],"wp:term":[{"taxonomy":"post_tag","embeddable":true,"href":"https:\/\/ambtelaviv.esteri.it\/it\/wp-json\/wp\/v2\/tags?post=1532"}],"curies":[{"name":"wp","href":"https:\/\/api.w.org\/{rel}","templated":true}]}}