{"id":1819,"date":"2020-12-03T14:14:26","date_gmt":"2020-12-03T11:14:26","guid":{"rendered":"https:\/\/ambtelaviv.esteri.it\/news\/dall_ambasciata\/2020\/12\/la-costa-dei-gelsomini-in-calabria\/"},"modified":"2020-12-03T14:14:26","modified_gmt":"2020-12-03T11:14:26","slug":"la-costa-dei-gelsomini-in-calabria","status":"publish","type":"post","link":"https:\/\/ambtelaviv.esteri.it\/it\/news\/dall_ambasciata\/2020\/12\/la-costa-dei-gelsomini-in-calabria\/","title":{"rendered":"La costa dei Gelsomini in Calabria"},"content":{"rendered":"<div>\n<p>E&#8217; la riviera pi\u00f9 a sud della <a href=\"http:\/\/www.italia.it\/it\/scopri-litalia\/calabria.html\" title=\"Calabria\">Calabria<\/a>, quella compresa tra le citt\u00e0 di Riace e Locri e che si affaccia sull&#8217;azzurro Mar Ionio. Una delle zone costiere pi\u00f9 ricche e selvagge d&#8217;Italia. E&#8217; la magnifica Costa dei Gelsomini che si snoda per 90 chilometri nella provincia di <a href=\"http:\/\/www.italia.it\/it\/scopri-litalia\/calabria\/reggio-calabria.html\" title=\"Reggio Calabria\">Reggio Calabria<\/a> e che prende il nome dalla coltivazione di questa splendida pianta rampicante, molto diffusa nel suo territorio.<\/p>\n<p><a href=\"http:\/\/www.italia.it\/it\/idee-di-viaggio\/mare\/la-costa-dei-gelsomini-in-calabria.html\">> Per approfondire<\/a><\/p>\n<\/div>\n","protected":false},"excerpt":{"rendered":"E&#8217; la riviera pi\u00f9 a sud della Calabria, quella compresa tra le citt\u00e0 di Riace e Locri e che si affaccia sull&#8217;azzurro Mar Ionio. Una delle zone costiere pi\u00f9 ricche e selvagge d&#8217;Italia. E&#8217; la magnifica Costa dei Gelsomini che si snoda per 90 chilometri nella provincia di Reggio Calabria e che prende il nome [&hellip;]","protected":false},"author":1,"featured_media":0,"comment_status":"","ping_status":"","sticky":false,"template":"","format":"standard","meta":{"footnotes":""},"tags":[],"class_list":["post-1819","post","type-post","status-publish","format-standard","hentry"],"_links":{"self":[{"href":"https:\/\/ambtelaviv.esteri.it\/it\/wp-json\/wp\/v2\/posts\/1819","targetHints":{"allow":["GET"]}}],"collection":[{"href":"https:\/\/ambtelaviv.esteri.it\/it\/wp-json\/wp\/v2\/posts"}],"about":[{"href":"https:\/\/ambtelaviv.esteri.it\/it\/wp-json\/wp\/v2\/types\/post"}],"author":[{"embeddable":true,"href":"https:\/\/ambtelaviv.esteri.it\/it\/wp-json\/wp\/v2\/users\/1"}],"replies":[{"embeddable":true,"href":"https:\/\/ambtelaviv.esteri.it\/it\/wp-json\/wp\/v2\/comments?post=1819"}],"version-history":[{"count":0,"href":"https:\/\/ambtelaviv.esteri.it\/it\/wp-json\/wp\/v2\/posts\/1819\/revisions"}],"wp:attachment":[{"href":"https:\/\/ambtelaviv.esteri.it\/it\/wp-json\/wp\/v2\/media?parent=1819"}],"wp:term":[{"taxonomy":"post_tag","embeddable":true,"href":"https:\/\/ambtelaviv.esteri.it\/it\/wp-json\/wp\/v2\/tags?post=1819"}],"curies":[{"name":"wp","href":"https:\/\/api.w.org\/{rel}","templated":true}]}}