{"id":2566,"date":"2023-09-14T13:17:01","date_gmt":"2023-09-14T10:17:01","guid":{"rendered":"https:\/\/ambtelaviv.esteri.it\/?p=2566"},"modified":"2023-09-14T13:18:12","modified_gmt":"2023-09-14T10:18:12","slug":"3codesign-3r-ridurre-riciclare-riutilizzare","status":"publish","type":"post","link":"https:\/\/ambtelaviv.esteri.it\/it\/news\/dall_ambasciata\/2023\/09\/3codesign-3r-ridurre-riciclare-riutilizzare\/","title":{"rendered":"3Codesign \u2013 3R: Ridurre, Riciclare, Riutilizzare"},"content":{"rendered":"<p><strong>In Mostra a Tel Aviv <em>da Venerdi\u2019 8 Settembre 2023.\u00a0<\/em><\/strong><\/p>\n<p>Una panoramica sul design italiano che si trasforma in Ecodesign, alla luce della sempre pi\u00f9 impellente necessit\u00e0 di assicurare una presenza sostenibile dell\u2019uomo partendo da un nuovo approccio creativo nella progettazione, fondato sulla riduzione degli sprechi, il riciclo di rifiuti e la trasformazione di ci\u00f2 che \u00e8 gi\u00e0 stato utilizzato. Questo lo spirito che anima \u201c3CODESIGN &#8211; 3R: Ridurre, Riciclare, Riutilizzare\u201d, mostra itinerante organizzata dall\u2019Istituto Italiano di Cultura di Tel Aviv in collaborazione con la Farnesina, che dopo aver fatto tappa a Doha, Shenzhen, Toronto, Washington e Tunisi \u00e8 stata inaugurata oggi al Museo Liebling Haus di Tel Aviv alla presenza dell\u2019Ambasciatore d\u2019Italia in Israele Sergio Barbanti e della Direttrice dell\u2019Istituto Italiano di Cultura di Tel Aviv Maria Sica.<\/p>\n<p>\u201cIl design rappresenta un segno distintivo del \u201cMade in Italy\u201d. Un patrimonio storico del nostro Paese con lo sguardo rivolto sempre pi\u00f9 al futuro.\u201d, ha sottolineato l\u2019Ambasciatore Barbanti.\u00a0 \u201cSiamo lieti di far conoscere al grande pubblico israeliano opere di designer emergenti e di alcuni nomi di fama internazionale che dimostrano in modo eccellente &#8211; ha aggiunto l\u2019Ambasciatore &#8211; come la ricerca estetica sappia unirsi a idee innovative, coniugando funzionalit\u00e0, benessere e sostenibilit\u00e0 ambientale in una rinnovata visione del mondo\u201d.<\/p>\n<p>&#8212;&#8212;&#8212;&#8212;-<\/p>\n<p>La mostra 3CODESIGN, con l\u2019allestimento sostenibile progettato da Bruno Morello, si propone di offrire una panoramica inevitabilmente sintetica ma anche sufficientemente paradigmatica di come il design italiano si stia muovendo in questa direzione e stia sperimentando, in funzione delle nuove esigenze di sostenibilit\u00e0 ambientale, una vera e propria inversione di tendenza rispetto ai modi di produzione e alle strategie di progettazione applicate nel corso del \u2019900.<\/p>\n<p>Si tratta di un ripensamento complessivo e radicale di quel modello produttivo che puntava all\u2019ipersfruttamento delle risorse; ci\u00f2 significa rivedere tutte le fasi della progettazione e della produzione, pensando da subito a oggetti e prodotti che siano riparabili, ricondizionabili, riutilizzabili, condivisibili, riciclabili. Invece di finire in discarica il valore di un oggetto deve rimanere in circolo e rigenerarsi continuamente.<\/p>\n<p>In mostra sono presenti opere di aziende leader italiane come Zanotta, Alessi, Smeg, ma anche opere autoprodotte o di piccole realt\u00e0 produttive. Accanto a designer di grande rilievo ci sono anche nuovi progettisti che testimoniano uno spaccato del nuovo panorama del design italiano.<\/p>\n<p>La mostra ha toccato le seguenti tappe:<\/p>\n<p><strong>Praga\u00a0<\/strong>dal\u00a027 maggio al 2 luglio 2021<\/p>\n<p><strong>Doha<\/strong>, dal 15 settembre al 29 settembre 2021<\/p>\n<p><strong>Shenzhen<\/strong>, dal\u00a07 ottobre\u00a0al 5 dicembre 2021<\/p>\n<p><strong>Toronto<\/strong>, dal 1\u00b0 marzo\u00a0al 15 aprile 2022<\/p>\n<p><strong>Washington &#8211;\u00a0<\/strong>maggio 2022<\/p>\n<p><strong>Tunisi,\u00a0<\/strong>dal 22 maggio al 30 giugno 2022<\/p>\n<p><strong>Pristina,\u00a0<\/strong>dal 29 luglio\u00a0al 23 agosto 2022<\/p>\n<p><strong>Tallin,<\/strong>\u00a0dal\u00a019 settembre al\u00a025 settembre 2022<\/p>\n<p><strong>Tripoli,\u00a0<\/strong>dal 24 ottobre al 31 ottobre 2022<\/p>\n<p><strong>Bengasi\u00a0(LIBIA),\u00a0<\/strong>dal\u00a014 novembre\u00a0al\u00a027 novembre 2022<\/p>\n<p><strong>Bucarest<\/strong>, dal 26 gennaio al 26 febbraio 2023<\/p>\n<p><strong>Sofia<\/strong>, dal 17 marzo al 30 aprile<\/p>\n<p>&nbsp;<\/p>\n<p><strong>3CODESIGN &#8211; 3R: RIDURRE, RICICLARE, RIUTILIZZARE<\/strong><\/p>\n<p>Da venerd\u00ec 8 settembre 2023 a sabato 9 dicembre 2023.<\/p>\n<p>Museo Liebling Haus di Tel Aviv,<\/p>\n<p>Idelson St 29, Tel Aviv-Yafo<\/p>\n<p>Orari di apertura:<\/p>\n<p>Domenica \u2013 gioved\u00ec: 08:00-19:00<\/p>\n<p>Venerd\u00ec: 8:00-14:00<\/p>\n<p>Sabato: 9:00-14:00<\/p>\n<p>&nbsp;<\/p>\n","protected":false},"excerpt":{"rendered":"In Mostra a Tel Aviv da Venerdi\u2019 8 Settembre 2023.\u00a0 Una panoramica sul design italiano che si trasforma in Ecodesign, alla luce della sempre pi\u00f9 impellente necessit\u00e0 di assicurare una presenza sostenibile dell\u2019uomo partendo da un nuovo approccio creativo nella progettazione, fondato sulla riduzione degli sprechi, il riciclo di rifiuti e la trasformazione di ci\u00f2 [&hellip;]","protected":false},"author":4,"featured_media":2567,"comment_status":"closed","ping_status":"closed","sticky":false,"template":"","format":"standard","meta":{"footnotes":""},"tags":[],"class_list":["post-2566","post","type-post","status-publish","format-standard","has-post-thumbnail","hentry"],"_links":{"self":[{"href":"https:\/\/ambtelaviv.esteri.it\/it\/wp-json\/wp\/v2\/posts\/2566","targetHints":{"allow":["GET"]}}],"collection":[{"href":"https:\/\/ambtelaviv.esteri.it\/it\/wp-json\/wp\/v2\/posts"}],"about":[{"href":"https:\/\/ambtelaviv.esteri.it\/it\/wp-json\/wp\/v2\/types\/post"}],"author":[{"embeddable":true,"href":"https:\/\/ambtelaviv.esteri.it\/it\/wp-json\/wp\/v2\/users\/4"}],"replies":[{"embeddable":true,"href":"https:\/\/ambtelaviv.esteri.it\/it\/wp-json\/wp\/v2\/comments?post=2566"}],"version-history":[{"count":3,"href":"https:\/\/ambtelaviv.esteri.it\/it\/wp-json\/wp\/v2\/posts\/2566\/revisions"}],"predecessor-version":[{"id":2570,"href":"https:\/\/ambtelaviv.esteri.it\/it\/wp-json\/wp\/v2\/posts\/2566\/revisions\/2570"}],"wp:featuredmedia":[{"embeddable":true,"href":"https:\/\/ambtelaviv.esteri.it\/it\/wp-json\/wp\/v2\/media\/2567"}],"wp:attachment":[{"href":"https:\/\/ambtelaviv.esteri.it\/it\/wp-json\/wp\/v2\/media?parent=2566"}],"wp:term":[{"taxonomy":"post_tag","embeddable":true,"href":"https:\/\/ambtelaviv.esteri.it\/it\/wp-json\/wp\/v2\/tags?post=2566"}],"curies":[{"name":"wp","href":"https:\/\/api.w.org\/{rel}","templated":true}]}}